{"id":26102,"date":"2025-03-07T01:13:30","date_gmt":"2025-03-07T01:13:30","guid":{"rendered":"https:\/\/theasiantelegraph.global\/?p=26102"},"modified":"2025-03-07T01:13:31","modified_gmt":"2025-03-07T01:13:31","slug":"pak-envoy-meets-mayors-of-granada-and-oviedo-and-minister-for-economy-spain","status":"publish","type":"post","link":"https:\/\/theasiantelegraph.global\/?p=26102","title":{"rendered":"Pak envoy meets Mayors of Granada and Oviedo, and Minister for Economy Spain"},"content":{"rendered":"\n<figure class=\"wp-block-image size-full\"><img fetchpriority=\"high\" decoding=\"async\" width=\"720\" height=\"480\" src=\"https:\/\/theasiantelegraph.global\/wp-content\/uploads\/2025\/03\/FB_IMG_1741258867809.jpg\" alt=\"\" class=\"wp-image-26103\" srcset=\"https:\/\/theasiantelegraph.global\/wp-content\/uploads\/2025\/03\/FB_IMG_1741258867809.jpg 720w, https:\/\/theasiantelegraph.global\/wp-content\/uploads\/2025\/03\/FB_IMG_1741258867809-300x200.jpg 300w\" sizes=\"(max-width: 720px) 100vw, 720px\" \/><\/figure>\n\n\n\n<p>The Ambassador of Pakistan to Spain H.E. Mr Zahoor Ahmed had a productive meeting with Granada&#8217;s dynamic Mayor, Ms. Marifr\u00e1n Carazo. They discussed the deep connection between our national poet, Mohammad Iqbal and Granada; while exploring potential avenues for collaboration between Pakistan and Granada.<\/p>\n\n\n\n<p>Earlier, the Ambassador visited Asturias along with the Asia Pacific group (ASPAC) of Ambassadors accredited to Spain. The group called on Mr. Adri\u00e1n Barb\u00f3n, the President of Asturias and Mr. Alfrado Canteli, Mayor of Oviedo.<\/p>\n\n\n\n<p>The Ambassador, along with the Trade &amp; Commercial Counsellor, called on the Minister of Economy, Commerce &amp; Business, Mr. Carlos Cuerpo Caballero, to explore avenues of cooperation between Pakistan and Spain in business.<\/p>\n\n\n\n<p>Pakistan Embassy Spain<br>Trade Development Authority of Pakistan Iglesia Evang\u00e9lica Reformada &#8211; Almu\u00f1\u00e9car, Costa Tropical, Granada<br>Mezquita Mayor de Granada<br>HHT Espa\u00f1a Ministerio de Econom\u00eda, Comercio y Empresa<\/p>\n","protected":false},"excerpt":{"rendered":"<p>The Ambassador of Pakistan to Spain H.E. Mr Zahoor Ahmed had a productive meeting with Granada&#8217;s dynamic Mayor, Ms. Marifr\u00e1n Carazo. They discussed the deep connection between our national poet,&hellip; <\/p>\n","protected":false},"author":8,"featured_media":26103,"comment_status":"open","ping_status":"open","sticky":false,"template":"","format":"standard","meta":{"footnotes":""},"categories":[3],"tags":[2566,894],"class_list":["post-26102","post","type-post","status-publish","format-standard","has-post-thumbnail","hentry","category-international","tag-ambassador-of-pakistan-to-spain","tag-embassy-of-spain-to-pakistan"],"_links":{"self":[{"href":"https:\/\/theasiantelegraph.global\/index.php?rest_route=\/wp\/v2\/posts\/26102","targetHints":{"allow":["GET"]}}],"collection":[{"href":"https:\/\/theasiantelegraph.global\/index.php?rest_route=\/wp\/v2\/posts"}],"about":[{"href":"https:\/\/theasiantelegraph.global\/index.php?rest_route=\/wp\/v2\/types\/post"}],"author":[{"embeddable":true,"href":"https:\/\/theasiantelegraph.global\/index.php?rest_route=\/wp\/v2\/users\/8"}],"replies":[{"embeddable":true,"href":"https:\/\/theasiantelegraph.global\/index.php?rest_route=%2Fwp%2Fv2%2Fcomments&post=26102"}],"version-history":[{"count":1,"href":"https:\/\/theasiantelegraph.global\/index.php?rest_route=\/wp\/v2\/posts\/26102\/revisions"}],"predecessor-version":[{"id":26104,"href":"https:\/\/theasiantelegraph.global\/index.php?rest_route=\/wp\/v2\/posts\/26102\/revisions\/26104"}],"wp:featuredmedia":[{"embeddable":true,"href":"https:\/\/theasiantelegraph.global\/index.php?rest_route=\/wp\/v2\/media\/26103"}],"wp:attachment":[{"href":"https:\/\/theasiantelegraph.global\/index.php?rest_route=%2Fwp%2Fv2%2Fmedia&parent=26102"}],"wp:term":[{"taxonomy":"category","embeddable":true,"href":"https:\/\/theasiantelegraph.global\/index.php?rest_route=%2Fwp%2Fv2%2Fcategories&post=26102"},{"taxonomy":"post_tag","embeddable":true,"href":"https:\/\/theasiantelegraph.global\/index.php?rest_route=%2Fwp%2Fv2%2Ftags&post=26102"}],"curies":[{"name":"wp","href":"https:\/\/api.w.org\/{rel}","templated":true}]}}