{"id":10387,"date":"2024-04-17T11:59:29","date_gmt":"2024-04-17T11:59:29","guid":{"rendered":"https:\/\/theasiantelegraph.global\/?p=10387"},"modified":"2024-04-17T11:59:29","modified_gmt":"2024-04-17T11:59:29","slug":"pakistan-turkiye-agree-to-deepen-cooperation","status":"publish","type":"post","link":"https:\/\/theasiantelegraph.global\/?p=10387","title":{"rendered":"Pakistan, Turkiye agree to deepen cooperation"},"content":{"rendered":"\n<p><\/p>\n\n\n\n<figure class=\"wp-block-image size-large\"><img fetchpriority=\"high\" decoding=\"async\" width=\"1024\" height=\"768\" src=\"https:\/\/theasiantelegraph.global\/wp-content\/uploads\/2024\/04\/IMG-20240417-WA0065-1024x768.jpg\" alt=\"\" class=\"wp-image-10388\" srcset=\"https:\/\/theasiantelegraph.global\/wp-content\/uploads\/2024\/04\/IMG-20240417-WA0065-1024x768.jpg 1024w, https:\/\/theasiantelegraph.global\/wp-content\/uploads\/2024\/04\/IMG-20240417-WA0065-300x225.jpg 300w, https:\/\/theasiantelegraph.global\/wp-content\/uploads\/2024\/04\/IMG-20240417-WA0065-768x576.jpg 768w, https:\/\/theasiantelegraph.global\/wp-content\/uploads\/2024\/04\/IMG-20240417-WA0065.jpg 1280w\" sizes=\"(max-width: 1024px) 100vw, 1024px\" \/><\/figure>\n\n\n\n<p>Washington DC :  Finance Minister met with T\u00fcrkiye\u2019s Treasury and Finance Minister, H.E Mr. Mehmet \u015eim\u015fek. He acknowledged historical, political, defense, cultural, and educational relations between Pakistan and T\u00fcrkiye. He stated that the current bilateral trade between Pakistan and T\u00fcrkiye is not commensurate with existing potential. Both sides agreed on the need to deepen cooperation by giving a fresh impetus to bilateral trade and investment and benefit from Turkiye\u2019s experience in power generation and distribution.<\/p>\n","protected":false},"excerpt":{"rendered":"<p>Washington DC : Finance Minister met with T\u00fcrkiye\u2019s Treasury and Finance Minister, H.E Mr. Mehmet \u015eim\u015fek. He acknowledged historical, political, defense, cultural, and educational relations between Pakistan and T\u00fcrkiye. He&hellip; <\/p>\n","protected":false},"author":8,"featured_media":10388,"comment_status":"open","ping_status":"open","sticky":false,"template":"","format":"standard","meta":{"footnotes":""},"categories":[3,13],"tags":[487,511],"class_list":["post-10387","post","type-post","status-publish","format-standard","has-post-thumbnail","hentry","category-international","category-main-stories","tag-ambassador-of-turkmenistan-to-pakistan","tag-minister-for-finance-and-revenue"],"_links":{"self":[{"href":"https:\/\/theasiantelegraph.global\/index.php?rest_route=\/wp\/v2\/posts\/10387","targetHints":{"allow":["GET"]}}],"collection":[{"href":"https:\/\/theasiantelegraph.global\/index.php?rest_route=\/wp\/v2\/posts"}],"about":[{"href":"https:\/\/theasiantelegraph.global\/index.php?rest_route=\/wp\/v2\/types\/post"}],"author":[{"embeddable":true,"href":"https:\/\/theasiantelegraph.global\/index.php?rest_route=\/wp\/v2\/users\/8"}],"replies":[{"embeddable":true,"href":"https:\/\/theasiantelegraph.global\/index.php?rest_route=%2Fwp%2Fv2%2Fcomments&post=10387"}],"version-history":[{"count":1,"href":"https:\/\/theasiantelegraph.global\/index.php?rest_route=\/wp\/v2\/posts\/10387\/revisions"}],"predecessor-version":[{"id":10389,"href":"https:\/\/theasiantelegraph.global\/index.php?rest_route=\/wp\/v2\/posts\/10387\/revisions\/10389"}],"wp:featuredmedia":[{"embeddable":true,"href":"https:\/\/theasiantelegraph.global\/index.php?rest_route=\/wp\/v2\/media\/10388"}],"wp:attachment":[{"href":"https:\/\/theasiantelegraph.global\/index.php?rest_route=%2Fwp%2Fv2%2Fmedia&parent=10387"}],"wp:term":[{"taxonomy":"category","embeddable":true,"href":"https:\/\/theasiantelegraph.global\/index.php?rest_route=%2Fwp%2Fv2%2Fcategories&post=10387"},{"taxonomy":"post_tag","embeddable":true,"href":"https:\/\/theasiantelegraph.global\/index.php?rest_route=%2Fwp%2Fv2%2Ftags&post=10387"}],"curies":[{"name":"wp","href":"https:\/\/api.w.org\/{rel}","templated":true}]}}